{"id":4251,"global_id":"liedercompany.cz\/en\/?id=4251","global_id_lineage":["liedercompany.cz\/en\/?id=4251"],"author":"18","status":"publish","date":"2023-04-23 17:11:53","date_utc":"2023-04-23 15:11:53","modified":"2023-08-25 15:37:59","modified_utc":"2023-08-25 13:37:59","url":"https:\/\/liedercompany.cz\/en\/event\/songs-for-and-with-children-sibera-holub-dusek-stehlik\/","rest_url":"https:\/\/liedercompany.cz\/en\/wp-json\/tribe\/events\/v1\/events\/4251","title":"Songs For And With Children","description":"<h2 id=\"wp-block-themeisle-blocks-advanced-heading-b57e5834\" class=\"wp-block-themeisle-blocks-advanced-heading wp-block-themeisle-blocks-advanced-heading-b57e5834\">SIBERA &amp; HOLUB &amp; DU\u0160EK &amp; STEHL\u00cdK<\/h2>\n\n\n\n<div id=\"wp-block-themeisle-blocks-advanced-columns-21c58472\" class=\"wp-block-themeisle-blocks-advanced-columns has-2-columns has-desktop-equal-layout has-tablet-equal-layout has-mobile-collapsedRows-layout has-vertical-unset\"><div class=\"wp-block-themeisle-blocks-advanced-columns-overlay\"><\/div><div class=\"innerblocks-wrap\">\n<div id=\"wp-block-themeisle-blocks-advanced-column-4b57c752\" class=\"wp-block-themeisle-blocks-advanced-column\"><div class=\"wp-block-themeisle-blocks-advanced-column-overlay\"><\/div>\n<p>This concert is specific for the performance of compositions by <strong>Viktor Kalabis<\/strong>, which are intended for children&#8217;s singers. This year, when we commemorate the centenary of the birth of this Czech composer, we have decided to perform his complete song output. For the selection of children&#8217;s performers, an audition was therefore organised. The selected performers are announced among performers.<\/p>\n\n\n\n<p>The second half of the concert will be completed by compositions by <strong>Leonard Bernstein<\/strong> and <strong>Francis Poulenc<\/strong>, which are composed for adult performers but intended for children listeners. In addition, we will present the world premiere of a new composition by the young composer <strong>Darja Kukal Moiseeva<\/strong> for soprano, tenor, children voice and four-hand piano.<\/p>\n\n\n\n<p>The concert is intended also for children visitors, which is why it takes place at 3 pm.<\/p>\n<\/div>\n\n\n\n<div id=\"wp-block-themeisle-blocks-advanced-column-c0203347\" class=\"wp-block-themeisle-blocks-advanced-column\"><div class=\"wp-block-image animated fadeIn slower\">\n<figure class=\"aligncenter size-large\"><img fetchpriority=\"high\" decoding=\"async\" width=\"1024\" height=\"700\" src=\"https:\/\/liedercompany.cz\/wp-content\/uploads\/2023\/07\/Sibera_Holub-1024x700.jpg\" alt=\"\" class=\"wp-image-5193\" title=\"\" srcset=\"https:\/\/liedercompany.cz\/wp-content\/uploads\/2023\/07\/Sibera_Holub-1024x700.jpg 1024w, https:\/\/liedercompany.cz\/wp-content\/uploads\/2023\/07\/Sibera_Holub-300x205.jpg 300w, https:\/\/liedercompany.cz\/wp-content\/uploads\/2023\/07\/Sibera_Holub-768x525.jpg 768w, https:\/\/liedercompany.cz\/wp-content\/uploads\/2023\/07\/Sibera_Holub-1536x1050.jpg 1536w, https:\/\/liedercompany.cz\/wp-content\/uploads\/2023\/07\/Sibera_Holub-2048x1401.jpg 2048w, https:\/\/liedercompany.cz\/wp-content\/uploads\/2023\/07\/Sibera_Holub-200x137.jpg 200w, https:\/\/liedercompany.cz\/wp-content\/uploads\/2023\/07\/Sibera_Holub-600x410.jpg 600w\" sizes=\"(max-width: 1024px) 100vw, 1024px\" \/><\/figure>\n<\/div>\n\n\n<div style=\"height:10px\" aria-hidden=\"true\" class=\"wp-block-spacer\"><\/div>\n\n\n\n<div id=\"wp-block-themeisle-blocks-advanced-columns-58ee6e66\" class=\"wp-block-themeisle-blocks-advanced-columns has-1-columns has-desktop-equal-layout has-tablet-equal-layout has-mobile-equal-layout has-vertical-unset\"><div class=\"wp-block-themeisle-blocks-advanced-columns-overlay\"><\/div><div class=\"innerblocks-wrap\">\n<div id=\"wp-block-themeisle-blocks-advanced-column-727ba837\" class=\"wp-block-themeisle-blocks-advanced-column\"><div  class=\"tribe-events-schedule tribe-clearfix\" >\n\t<p class=\"tribe-events-schedule__datetime\">\n\t\t<span class=\"tribe-events-schedule__date tribe-events-schedule__date--start\">\n\t\t\t\t\t<\/span>\n\n\t\t\t\t\t<span class=\"tribe-events-schedule__separator tribe-events-schedule__separator--date\">\n\t\t\t\t at \t\t\t<\/span>\n\t\t\t<span class=\"tribe-events-schedule__time tribe-events-schedule__time--start\">\n\t\t\t\t\t\t\t<\/span>\n\t\t\n\t\t\t<\/p>\n<\/div>\n<\/div>\n<\/div><\/div>\n\n\n\n<h3 id=\"wp-block-themeisle-blocks-advanced-heading-d69a83b3\" class=\"wp-block-themeisle-blocks-advanced-heading wp-block-themeisle-blocks-advanced-heading-d69a83b3\">Lichtenstein palace, Prague<\/h3>\n\n\n\n<h4 id=\"wp-block-themeisle-blocks-advanced-heading-6781cfa3\" class=\"wp-block-themeisle-blocks-advanced-heading wp-block-themeisle-blocks-advanced-heading-6781cfa3\">Bohuslav Martin\u016f Hall<\/h4>\n<\/div>\n<\/div><\/div>\n\n\n\n<div style=\"height:25px\" aria-hidden=\"true\" class=\"wp-block-spacer\"><\/div>\n\n\n\n\n\n<div id=\"wp-block-themeisle-blocks-advanced-columns-2e61e71c\" class=\"wp-block-themeisle-blocks-advanced-columns has-1-columns has-desktop-equal-layout has-tablet-equal-layout has-mobile-collapsedRows-layout has-vertical-unset\"><div class=\"wp-block-themeisle-blocks-advanced-columns-overlay\"><\/div><div class=\"innerblocks-wrap\">\n<div id=\"wp-block-themeisle-blocks-advanced-column-d9cd90cf\" class=\"wp-block-themeisle-blocks-advanced-column\"><div class=\"wp-block-themeisle-blocks-advanced-column-overlay\"><\/div>\n<div class=\"wp-block-group\"><div class=\"wp-block-group__inner-container is-layout-constrained wp-block-group-is-layout-constrained\">\n<h2 id=\"wp-block-themeisle-blocks-advanced-heading-49b8c093\" class=\"wp-block-themeisle-blocks-advanced-heading wp-block-themeisle-blocks-advanced-heading-49b8c093\">Programme:<\/h2>\n\n\n\n<div id=\"wp-block-themeisle-blocks-icon-list-ef734a21\" class=\"wp-block-themeisle-blocks-icon-list\">\n<div id=\"wp-block-themeisle-blocks-icon-list-item-82e1579f\" class=\"wp-block-themeisle-blocks-icon-list-item\"><i class=\"fas fa-angle-double-right wp-block-themeisle-blocks-icon-list-item-icon-custom\"><\/i><p class=\"wp-block-themeisle-blocks-icon-list-item-content\">Viktor Kalabis: <em>D\u011btsk\u00e9 p\u00edsn\u011b, op.15; Album lidov\u00fdch p\u00edsn\u00ed, op. 23, P\u00edsni\u010dky pro nejmen\u0161\u00ed, op. 37<\/em><\/p><\/div>\n\n\n\n<div id=\"wp-block-themeisle-blocks-icon-list-item-92ac6da7\" class=\"wp-block-themeisle-blocks-icon-list-item\"><i class=\"fas fa-angle-double-right wp-block-themeisle-blocks-icon-list-item-icon-custom\"><\/i><p class=\"wp-block-themeisle-blocks-icon-list-item-content\">Leonard Bernstein: <em>I Hate Music<\/em><\/p><\/div>\n\n\n\n<div id=\"wp-block-themeisle-blocks-icon-list-item-1c399367\" class=\"wp-block-themeisle-blocks-icon-list-item\"><i class=\"fas fa-angle-double-right wp-block-themeisle-blocks-icon-list-item-icon-custom\"><\/i><p class=\"wp-block-themeisle-blocks-icon-list-item-content\">Francis Poulenc: <em>4 Chansons pour enfants<\/em><\/p><\/div>\n\n\n\n<div id=\"wp-block-themeisle-blocks-icon-list-item-710bc732\" class=\"wp-block-themeisle-blocks-icon-list-item\"><i class=\"fas fa-angle-double-right wp-block-themeisle-blocks-icon-list-item-icon-custom\"><\/i><p class=\"wp-block-themeisle-blocks-icon-list-item-content\">Darja Kukal Moiseeva: <em>Commissioned piece for soprano, tenor, children voice and piano four hands<\/em>\u00a0(premiere)<\/p><\/div>\n<\/div>\n<\/div><\/div>\n<\/div>\n<\/div><\/div>\n\n\n\n<div class=\"wp-block-group\"><div class=\"wp-block-group__inner-container is-layout-constrained wp-block-group-is-layout-constrained\">\n<h2 id=\"wp-block-themeisle-blocks-advanced-heading-d4a8cef3\" class=\"wp-block-themeisle-blocks-advanced-heading wp-block-themeisle-blocks-advanced-heading-d4a8cef3\">Performers:<\/h2>\n\n\n\n<div id=\"wp-block-themeisle-blocks-accordion-22ba6274\" class=\"wp-block-themeisle-blocks-accordion exclusive is-style-default\">\n<details class=\"wp-block-themeisle-blocks-accordion-item\"><summary class=\"wp-block-themeisle-blocks-accordion-item__title\"><div>Jana Sibera &#8211; soprano<\/div><\/summary><div class=\"wp-block-themeisle-blocks-accordion-item__content\"><div class=\"wp-block-image animated fadeIn slower\">\n<figure class=\"alignleft size-large is-resized\"><img decoding=\"async\" src=\"https:\/\/liedercompany.cz\/wp-content\/uploads\/2021\/12\/DSC0629-Edit-683x1024.jpg\" alt=\"\" class=\"wp-image-1227\" style=\"width:250px\" width=\"250\" title=\"\" srcset=\"https:\/\/liedercompany.cz\/wp-content\/uploads\/2021\/12\/DSC0629-Edit-683x1024.jpg 683w, https:\/\/liedercompany.cz\/wp-content\/uploads\/2021\/12\/DSC0629-Edit-200x300.jpg 200w, https:\/\/liedercompany.cz\/wp-content\/uploads\/2021\/12\/DSC0629-Edit-768x1152.jpg 768w, https:\/\/liedercompany.cz\/wp-content\/uploads\/2021\/12\/DSC0629-Edit-1024x1536.jpg 1024w, https:\/\/liedercompany.cz\/wp-content\/uploads\/2021\/12\/DSC0629-Edit-1366x2048.jpg 1366w, https:\/\/liedercompany.cz\/wp-content\/uploads\/2021\/12\/DSC0629-Edit-300x450.jpg 300w, https:\/\/liedercompany.cz\/wp-content\/uploads\/2021\/12\/DSC0629-Edit-600x900.jpg 600w, https:\/\/liedercompany.cz\/wp-content\/uploads\/2021\/12\/DSC0629-Edit-scaled.jpg 1707w\" sizes=\"(max-width: 683px) 100vw, 683px\" \/><\/figure>\n<\/div>\n\n\n<p>Soprano <strong>Jana Sibera<\/strong> graduated from the Prague Conservatory (2000) and the Faculty of Music of the Academy of Performing Arts in Prague (2005). Since 1995, she has been a guest at the National Theatre and since 2000 at the State Opera Prague, where she accepted an engagement in 2002. Since 1st January 2012 she has been a soloist of the National Theatre Opera.<\/p>\n\n\n\n<p>She has appeared in productions of the State Opera Prague and the National Theatre as Mozart&#8217;s Zerlina (Don Giovanni), Susanna (The Marriage of Figaro), Papagena and the Queen of the Night (Die Zauberfl\u00f6te) and Despina (Cos\u00ec fan tutte); Lucia (Donizetti: Lucia di Lammermoor), Verdi&#8217;s Violetta (La traviata), Gilda (Rigoletto) and Oscar (Masquerade Ball), as well as Musetta (Puccini: La boh\u00e8me), Ad\u00e9la (Strauss: Die Fledermaus), Philine (Thomas: Mignon), Frasquita and Micaela (Bizet: Carmen), The Cook and the First Maid (Dvo\u0159\u00e1k: Rusalka), Clarisse (Weber &#8211; Mahler: The Three Pints), Cunegonde (Bernstein: Candide), in the triple role of the Waiter &#8211; the Miracle Child &#8211; the Pupil in Jan\u00e1\u010dek&#8217;s opera The Excursions of Mr.Brou\u010dek under the baton of Charles Mackerras, also as Karolina (Smetana: The Two Widows), Bystrouska (Jan\u00e1\u010dek: The Cunning Little Vixen), Terinka (Dvo\u0159\u00e1k: Jakob\u00edn), Ma\u0159enka (Humperdinck: Jen\u00ed\u010dek a Ma\u0159enka), etc. Her repertoire also includes the roles of Norina (Donizetti: Don Pasquale), Blonda (Mozart: The Abduction from the Seraglio), Fiorilla (Rossini: The Turk in Italy) and Bla\u017eenka (Smetana: The Secret), which she staged for the J. K. Tyl Theatre in Pilsen.<\/p>\n\n\n\n<p>She performed in more than 40 performances of Don Giovanni in the summer stagion of Opera Mozart at the Estates Theatre. At the National Moravian-Silesian Theatre she guest-starred as Verdi&#8217;s Violetta (La traviata), Eurydice (Offenbach: Orpheus in the Underworld) and Annina (Strauss: A Night in Venice). In 2022 she performed the role of Manon in Jules Massenet&#8217;s opera of the same name, for which she also won the Thalia Award.<\/p>\n\n\n\n<p>In June 2008 she was a finalist in the Barbara Hendricks International Singing Competition in Strasbourg. In 2011 and 2012, she guest starred as Violetta in Gdansk, and in 2016 as Ophelia in Opera Gothenburg. She has also participated in several tours of the National Theatre Opera in Japan and Korea. Among her great successes is the collaboration with tenor Jonas Kaufmann on his profile CD for Decca. She has worked with conductors such as M. Armiliato, Sir Ch. Mackerras, J. B\u011blohl\u00e1vek, J. Latham-Koenig, G. Tourniaire and E. Dovico.<\/p>\n<\/div><\/details>\n\n\n\n<details class=\"wp-block-themeisle-blocks-accordion-item\"><summary class=\"wp-block-themeisle-blocks-accordion-item__title\"><div>Ond\u0159ej Holub &#8211; tenor<\/div><\/summary><div class=\"wp-block-themeisle-blocks-accordion-item__content\"><div class=\"wp-block-image animated fadeIn slower\">\n<figure class=\"alignleft size-large is-resized\"><img decoding=\"async\" src=\"https:\/\/liedercompany.cz\/wp-content\/uploads\/2023\/04\/Holub-1-1024x1024.jpg\" alt=\"\" class=\"wp-image-4255\" style=\"width:300px\" width=\"300\" title=\"\" srcset=\"https:\/\/liedercompany.cz\/wp-content\/uploads\/2023\/04\/Holub-1-1024x1024.jpg 1024w, https:\/\/liedercompany.cz\/wp-content\/uploads\/2023\/04\/Holub-1-300x300.jpg 300w, https:\/\/liedercompany.cz\/wp-content\/uploads\/2023\/04\/Holub-1-150x150.jpg 150w, https:\/\/liedercompany.cz\/wp-content\/uploads\/2023\/04\/Holub-1-768x768.jpg 768w, https:\/\/liedercompany.cz\/wp-content\/uploads\/2023\/04\/Holub-1-1536x1536.jpg 1536w, https:\/\/liedercompany.cz\/wp-content\/uploads\/2023\/04\/Holub-1-200x200.jpg 200w, https:\/\/liedercompany.cz\/wp-content\/uploads\/2023\/04\/Holub-1-600x600.jpg 600w, https:\/\/liedercompany.cz\/wp-content\/uploads\/2023\/04\/Holub-1-100x100.jpg 100w, https:\/\/liedercompany.cz\/wp-content\/uploads\/2023\/04\/Holub-1.jpg 2048w\" sizes=\"(max-width: 1024px) 100vw, 1024px\" \/><\/figure>\n<\/div>\n\n\n<p>In his early youth <strong>Ond\u0159ej Holub<\/strong> went through K\u00fchn&#8217;s children&#8217;s choir and the Pueri gaudentes boys&#8217; choir, thanks to which he became a child soloist of the Prague State Opera in a production of Mozart&#8217;s The Magic Flute. He studied classical singing privately with Prof. Lenka Pi\u0161t\u011bck\u00e1, while studying at the Prague Conservatory with Prof. Valentin Prolat and later developed his singing skills with Prof. Ji\u0159\u00ed Kotou\u010d.<\/p>\n\n\n\n<p>Since 2019 he has been collaborating with the internationally renowned Collegium 1704, where he performs as a soloist as a soloist and ensemble singer, he also regularly collaborates with Ensemble Damian, a historically informed interpretation of Baroque opera. As a soloist he regularly collaborates with a number of ensembles and orchestras (Prague Symphony Orchestra FOK, Hradec Kr\u00e1lov\u00e9 Philharmonic, South Bohemian Chamber Philharmonic, etc. He is also an ensemble singer with most of the leading domestic early music ensembles &#8211; Schola Gregoriana Pragensis, Collegium Marianum, Cappella Mariana, Ensemble In\u00e9gal, Czech Ensemble Baroque, Victoria Ensemble, Musica Florea, with whom he regularly participates in prestigious domestic and international festivals.<\/p>\n\n\n\n<p>From 2013-2019 he was a member of the vocal ensemble Martin\u016f Voices, which ranks among the elite performers of 20th and 21st century music. In 2007, he founded the male vocal quintet Rudolfvoice with former members of the Pueri Gaudentes choir, with whom he performed at the Kennedy Center in Washington, DC. He also occasionally collaborates with the Prague Philharmonic Choir, with whom he performed Gustav Mahler&#8217;s Symphony No. 2 at New York&#8217;s Carnegie Hall on the centenary of the founding of Czechoslovakia.<\/p>\n<\/div><\/details>\n\n\n\n<details class=\"wp-block-themeisle-blocks-accordion-item\"><summary class=\"wp-block-themeisle-blocks-accordion-item__title\"><div>Childern performers of Viktor Kalabis\u00b4 Songs<\/div><\/summary><div class=\"wp-block-themeisle-blocks-accordion-item__content\">\n<ul class=\"deti-list wp-block-list\">\n<li><strong>Hrube\u0161ov\u00e1, Madlen<\/strong><\/li>\n\n\n\n<li><strong>H\u0159iv\u0148\u00e1kov\u00e1, Michaela<\/strong><\/li>\n\n\n\n<li><strong>Jakub\u00ed\u010dkov\u00e1, Anna<\/strong><\/li>\n\n\n\n<li><strong>Jir\u00e1k, Martin<\/strong><\/li>\n\n\n\n<li><strong>Lu\u0148\u00e1kov\u00e1, Berenika<\/strong><\/li>\n\n\n\n<li><strong>Mr\u00e1z, Filip<\/strong><\/li>\n\n\n\n<li><strong>Rozumek, Bohdan Luis<\/strong><\/li>\n\n\n\n<li><strong>\u0160t\u011bp\u00e1nov\u00e1, Tereza<\/strong><\/li>\n\n\n\n<li><strong>Wertzov\u00e1, Emma<\/strong><\/li>\n<\/ul>\n<\/div><\/details>\n\n\n\n<details class=\"wp-block-themeisle-blocks-accordion-item\"><summary class=\"wp-block-themeisle-blocks-accordion-item__title\"><div>Jan Du\u0161ek &#8211; piano<\/div><\/summary><div class=\"wp-block-themeisle-blocks-accordion-item__content\"><div class=\"wp-block-image animated fadeIn slower\">\n<figure class=\"alignleft size-full is-resized\"><img decoding=\"async\" src=\"https:\/\/liedercompany.cz\/wp-content\/uploads\/2021\/02\/dusek.jpg\" alt=\"Jan_Dusek\" class=\"wp-image-15\" style=\"width:300px\" width=\"300\" title=\"\" srcset=\"https:\/\/liedercompany.cz\/wp-content\/uploads\/2021\/02\/dusek.jpg 1024w, https:\/\/liedercompany.cz\/wp-content\/uploads\/2021\/02\/dusek-300x200.jpg 300w, https:\/\/liedercompany.cz\/wp-content\/uploads\/2021\/02\/dusek-600x401.jpg 600w, https:\/\/liedercompany.cz\/wp-content\/uploads\/2021\/02\/dusek-768x513.jpg 768w\" sizes=\"(max-width: 1024px) 100vw, 1024px\" \/><\/figure>\n<\/div>\n\n\n<p><strong>Jan Du\u0161ek<\/strong> studied at the Conservatory in Teplice (piano, composition). In 2004-2012, he studied composition at the Academy of Performing Arts in Prague (Hanus Barton), where he finished his doctoral studies in the same field in 2012. Since then, Jan Du\u0161ek has taught at the composition department of the Academy. As a pianist he participated in several master courses (Cyprien Katsaris, Irina Ossipova, Angela Hewitt, Lilit Grygorian, Maria Jo\u00e3o Pires), in 2013\/14 he studied piano privately with Robert Lehrbaumer in Vienna, in 2015 with Xiao-Mei Zhu in Paris, and since 2016 with Gordon Fergus-Thompson in London. He has won awards and honourable mentions in competitions (Concertino Praga, the International Piano Competition B. Smetana Competition of Conservatories, Zdenek Fibich International Competition in the interpretation of melodrama). He periodically records contemporary Czech music for Czech Radio, e.g. in 2019, he completed a&nbsp; recording of complete piano works by Rudolf Karel. In 2015 he released a CD of complete songs for soprano and piano by Viktor Ullman with soprano Irena Troupova. He regularly performs at international music festivals (Prague Spring, V\u011b\u010dn\u00e1 nad\u011bje, Junge Kunstler Beyreuth etc.).<\/p>\n\n\n\n<p>In 2006 he was awarded the first prize at the Composers Competition \u201cGeneration\u201c for the piece \u201c\u2026 in seven days I will send rain on the Earth \u2026\u201d, and in 2007 at the same competition he again won first prize for the composition \u201cGradation for organ.\u201d In 2008 he received the \u2018Audience\u2019s Prize\u2019 for the composition \u201cChalomot jehudi\u2019im\u201d, a year later receiving the Prize of Gideon Klein for the same composition. In 2010, his melodrama \u201cPrague Walker\u201d was awarded 2nd prize in the Competition for Young Artists, announced by the City District Prague 1. For his music to accompany the silent film \u201cThe Child of the Ghetto\u201d, Jan received the \u2018Audience\u2019s Prize\u2019 in the 2011 NuBerg competition. His compositions have been commissioned by festivals and competitions (such as the International Festival of Concert Melodrama, Viktor Ullmann festival \u010cesk\u00fd T\u011b\u0161\u00edn, Prague Spring Competition etc.), and performed by leading Czech soloists (such as clarinettist Irvin Veny\u0161 and the percussionist Mark\u00e9ta Mazourov\u00e1) as well as chamber ensembles and orchestras (e.g., Nederlands Blazers Ensemble, Epoque quartet; BERG Orchestra; Prague Philharmonia; Prague Philharmonic Choir). In 2021, Jan co-established the Lieder Company association which aims to promote art song recitals and repertoire.<\/p>\n\n\n\n<p class=\"has-text-align-right\"><a href=\"http:\/\/www.jan-dusek.com\/\" target=\"_blank\" rel=\"noreferrer noopener\">www.jan-dusek.com<\/a><\/p>\n\n\n\n<hr class=\"wp-block-separator has-alpha-channel-opacity\"\/>\n<\/div><\/details>\n\n\n\n<details class=\"wp-block-themeisle-blocks-accordion-item\"><summary class=\"wp-block-themeisle-blocks-accordion-item__title\"><div>Bohum\u00edr Stehl\u00edk &#8211; piano<\/div><\/summary><div class=\"wp-block-themeisle-blocks-accordion-item__content\"><div class=\"wp-block-image animated fadeIn slower\">\n<figure class=\"alignleft size-large is-resized\"><img decoding=\"async\" src=\"https:\/\/liedercompany.cz\/wp-content\/uploads\/2021\/12\/6-1024x683.jpg\" alt=\"\" class=\"wp-image-1041\" style=\"width:300px\" width=\"300\" title=\"\" srcset=\"https:\/\/liedercompany.cz\/wp-content\/uploads\/2021\/12\/6-1024x683.jpg 1024w, https:\/\/liedercompany.cz\/wp-content\/uploads\/2021\/12\/6-300x200.jpg 300w, https:\/\/liedercompany.cz\/wp-content\/uploads\/2021\/12\/6-768x512.jpg 768w, https:\/\/liedercompany.cz\/wp-content\/uploads\/2021\/12\/6-1536x1024.jpg 1536w, https:\/\/liedercompany.cz\/wp-content\/uploads\/2021\/12\/6-2048x1365.jpg 2048w, https:\/\/liedercompany.cz\/wp-content\/uploads\/2021\/12\/6-930x620.jpg 930w, https:\/\/liedercompany.cz\/wp-content\/uploads\/2021\/12\/6-600x400.jpg 600w\" sizes=\"(max-width: 1024px) 100vw, 1024px\" \/><\/figure>\n<\/div>\n\n\n<p><strong>Bohum\u00edr Stehl\u00edk<\/strong> is one of the foremost Czech pianists of the younger generation. He has distinguished himself both as a soloist and chamber music player, having developed a sensitive instrumental skill and great musical expressive power.<\/p>\n\n\n\n<p>Bohum\u00edr\u2019s music education started at an early age at the Music Gymnasium in Prague under Irina Kondrat\u011bnko and later on at the Academy of Performing Arts in Prague under Franti\u0161ek Mal\u00fd. From 2011 to 2016 he studied under well-know Swedish pianist Mats Widlund at Edsberg Music Institute, part of the Royal Academy in Stockholm and one of the most prestigious music academies of Northern Europe. He has been awarded various prizes in many international solo competitions (e.g. Ljunggrenska t\u00e4vlingen \u2013 1st prize, Stockholm International Music Competition \u2013 2nd price, Virtuosi per Musica di Pianoforte \u2013 1st prize, Concertino Praga \u2013 1st prize etc.). Bohumir also obtained the Yamaha Scholarship Award and the prestigious KMA Swedish National Scholarship for both solo piano, chamber music and accompaniment (maximal sum reached in 2015). A member of Duo du R\u00eave, Bohum\u00edr and flautist Jana Jarkovsk\u00e1 won prizes in various competitions of music ensembles (Chieri International Music Competition \u201cCitta di Chieri\u201d \u2013 1st prize, Val Tidone International Chamber Music Competition \u2013 1st prize, Salieri-Zinneti Chamber Music Competition \u2013 3rd prize, winner of ProMusicis International Award in France, winner of ISA Challenge and Open Awards in Austria etc.). He also recorded several CDs with Jana Jarkovska. Outside Duo du R\u00eave, he collaborates with violinist Mark\u00e9ta Janou\u0161kov\u00e1 and is also a member of D\u2019Accord chamber music ensemble.<\/p>\n\n\n\n<p>In addition to his concert activities, he collaborates with Czech Radio. Bohum\u00edr also works in productions for the Povale\u010d Music Festival (CZ) and the \u201eD\u2019Accord, Das Klassikfestival\u201c in (D), where he also leads the masterclass. He worked as a teacher at the Ingesund Academy of Music at Karlstad University in Sweden and since October 2016 has also been teaching at the Jan\u00e1\u010dek Academy of Music and Performing Arts in Brno. Bohum\u00edr works as a regenschori in the Church of the Name of the Virgin Mary in K\u0159tiny (CZ).<\/p>\n\n\n\n<p class=\"has-text-align-right\"><a href=\"http:\/\/www.bohumirstehlik.com\/\" target=\"_blank\" rel=\"noreferrer noopener\">www.bohumirstehlik.com<\/a><\/p>\n\n\n\n<hr class=\"wp-block-separator has-alpha-channel-opacity\"\/>\n<\/div><\/details>\n<\/div>\n<\/div><\/div>\n\n\n\n<div style=\"height:29px\" aria-hidden=\"true\" class=\"wp-block-spacer\"><\/div>\n\n\n\n<div id=\"wp-block-themeisle-blocks-advanced-columns-7d84338f\" class=\"wp-block-themeisle-blocks-advanced-columns has-1-columns has-desktop-equal-layout has-tablet-equal-layout has-mobile-equal-layout has-vertical-unset\"><div class=\"wp-block-themeisle-blocks-advanced-columns-overlay\"><\/div><div class=\"innerblocks-wrap\">\n<div id=\"wp-block-themeisle-blocks-advanced-column-1f0df171\" class=\"wp-block-themeisle-blocks-advanced-column\">\n<h3 id=\"wp-block-themeisle-blocks-advanced-heading-ff290f5e\" class=\"wp-block-themeisle-blocks-advanced-heading wp-block-themeisle-blocks-advanced-heading-ff290f5e\">Venue:<\/h3>\n\n\n\n<div id=\"wp-block-themeisle-blocks-advanced-columns-291ddd9a\" class=\"wp-block-themeisle-blocks-advanced-columns has-1-columns has-desktop-equal-layout has-tablet-equal-layout has-mobile-equal-layout has-vertical-unset\"><div class=\"wp-block-themeisle-blocks-advanced-columns-overlay\"><\/div><div class=\"innerblocks-wrap\">\n<div id=\"wp-block-themeisle-blocks-advanced-column-409ad7fd\" class=\"wp-block-themeisle-blocks-advanced-column\"><div  class=\"tribe-block tribe-block__venue tribe-clearfix\" >\n\t\n\t\t\n\t<\/div>\n<\/div>\n<\/div><\/div>\n<\/div>\n<\/div><\/div>\n\n\n\n<div style=\"height:29px\" aria-hidden=\"true\" class=\"wp-block-spacer\"><\/div>\n\n\n\n<div class=\"wp-block-columns is-layout-flex wp-container-core-columns-is-layout-9d6595d7 wp-block-columns-is-layout-flex\">\n<div class=\"wp-block-column is-vertically-aligned-center is-layout-flow wp-block-column-is-layout-flow\"><div class=\"wp-block-image\">\n<figure class=\"aligncenter size-full is-resized\"><img decoding=\"async\" src=\"https:\/\/liedercompany.cz\/wp-content\/uploads\/2023\/03\/K100.jpg\" alt=\"\" class=\"wp-image-4125\" style=\"width:150px\" width=\"150\" title=\"\" srcset=\"https:\/\/liedercompany.cz\/wp-content\/uploads\/2023\/03\/K100.jpg 578w, https:\/\/liedercompany.cz\/wp-content\/uploads\/2023\/03\/K100-300x128.jpg 300w, https:\/\/liedercompany.cz\/wp-content\/uploads\/2023\/03\/K100-200x85.jpg 200w\" sizes=\"(max-width: 578px) 100vw, 578px\" \/><\/figure>\n<\/div><\/div>\n\n\n\n<div class=\"wp-block-column is-vertically-aligned-center is-layout-flow wp-block-column-is-layout-flow\"><div class=\"wp-block-image\">\n<figure class=\"aligncenter size-large is-resized\"><img decoding=\"async\" src=\"https:\/\/liedercompany.cz\/wp-content\/uploads\/2023\/03\/KalabisRuzickovaFund-1024x838.jpg\" alt=\"\" class=\"wp-image-4077\" style=\"width:150px\" width=\"150\" title=\"\" srcset=\"https:\/\/liedercompany.cz\/wp-content\/uploads\/2023\/03\/KalabisRuzickovaFund-1024x838.jpg 1024w, https:\/\/liedercompany.cz\/wp-content\/uploads\/2023\/03\/KalabisRuzickovaFund-300x245.jpg 300w, https:\/\/liedercompany.cz\/wp-content\/uploads\/2023\/03\/KalabisRuzickovaFund-768x628.jpg 768w, https:\/\/liedercompany.cz\/wp-content\/uploads\/2023\/03\/KalabisRuzickovaFund-1536x1257.jpg 1536w, https:\/\/liedercompany.cz\/wp-content\/uploads\/2023\/03\/KalabisRuzickovaFund-2048x1676.jpg 2048w, https:\/\/liedercompany.cz\/wp-content\/uploads\/2023\/03\/KalabisRuzickovaFund-200x164.jpg 200w, https:\/\/liedercompany.cz\/wp-content\/uploads\/2023\/03\/KalabisRuzickovaFund-600x491.jpg 600w\" sizes=\"(max-width: 1024px) 100vw, 1024px\" \/><\/figure>\n<\/div><\/div>\n<\/div>","excerpt":"<p>SIBERA &#038; HOLUB &#038; DU\u0160EK &#038; STEHL\u00cdK<\/p>\n<p>Viktor Kalabis, Leonard Bernstein, Francis Poulenc, and Darja Kukal Moiseeva<\/p>","slug":"songs-for-and-with-children-sibera-holub-dusek-stehlik","image":{"url":"https:\/\/liedercompany.cz\/wp-content\/uploads\/2023\/07\/Sibera_Holub.jpg","id":5193,"extension":"jpg","width":2300,"height":1573,"filesize":133934,"sizes":{"medium":{"width":300,"height":205,"mime-type":"image\/jpeg","filesize":7690,"url":"https:\/\/liedercompany.cz\/wp-content\/uploads\/2023\/07\/Sibera_Holub-300x205.jpg"},"large":{"width":1024,"height":700,"mime-type":"image\/jpeg","filesize":51833,"url":"https:\/\/liedercompany.cz\/wp-content\/uploads\/2023\/07\/Sibera_Holub-1024x700.jpg"},"thumbnail":{"width":150,"height":150,"mime-type":"image\/jpeg","filesize":3999,"url":"https:\/\/liedercompany.cz\/wp-content\/uploads\/2023\/07\/Sibera_Holub-150x150.jpg"},"medium_large":{"width":768,"height":525,"mime-type":"image\/jpeg","filesize":38434,"url":"https:\/\/liedercompany.cz\/wp-content\/uploads\/2023\/07\/Sibera_Holub-768x525.jpg"},"1536x1536":{"width":1536,"height":1050,"mime-type":"image\/jpeg","filesize":75882,"url":"https:\/\/liedercompany.cz\/wp-content\/uploads\/2023\/07\/Sibera_Holub-1536x1050.jpg"},"2048x2048":{"width":2048,"height":1401,"mime-type":"image\/jpeg","filesize":115251,"url":"https:\/\/liedercompany.cz\/wp-content\/uploads\/2023\/07\/Sibera_Holub-2048x1401.jpg"},"neve-blog":{"width":930,"height":620,"mime-type":"image\/jpeg","filesize":52315,"url":"https:\/\/liedercompany.cz\/wp-content\/uploads\/2023\/07\/Sibera_Holub-930x620.jpg"},"lshowcase-thumb":{"width":200,"height":137,"mime-type":"image\/jpeg","filesize":4338,"url":"https:\/\/liedercompany.cz\/wp-content\/uploads\/2023\/07\/Sibera_Holub-200x137.jpg"},"woocommerce_thumbnail":{"width":300,"height":205,"mime-type":"image\/jpeg","filesize":16910,"uncropped":true,"url":"https:\/\/liedercompany.cz\/wp-content\/uploads\/2023\/07\/Sibera_Holub-300x205.jpg"},"woocommerce_single":{"width":600,"height":410,"mime-type":"image\/jpeg","filesize":21776,"url":"https:\/\/liedercompany.cz\/wp-content\/uploads\/2023\/07\/Sibera_Holub-600x410.jpg"},"woocommerce_gallery_thumbnail":{"width":100,"height":100,"mime-type":"image\/jpeg","filesize":2354,"url":"https:\/\/liedercompany.cz\/wp-content\/uploads\/2023\/07\/Sibera_Holub-100x100.jpg"}}},"all_day":false,"start_date":"2023-11-19 15:00:00","start_date_details":{"year":"2023","month":"11","day":"19","hour":"15","minutes":"00","seconds":"00"},"end_date":"2023-11-19 15:00:00","end_date_details":{"year":"2023","month":"11","day":"19","hour":"15","minutes":"00","seconds":"00"},"utc_start_date":"2023-11-19 14:00:00","utc_start_date_details":{"year":"2023","month":"11","day":"19","hour":"14","minutes":"00","seconds":"00"},"utc_end_date":"2023-11-19 14:00:00","utc_end_date_details":{"year":"2023","month":"11","day":"19","hour":"14","minutes":"00","seconds":"00"},"timezone":"Europe\/Prague","timezone_abbr":"","cost":"","cost_details":{"currency_symbol":"CZK","currency_code":"","currency_position":"","values":[]},"website":"https:\/\/goout.net\/en\/tickets\/pisne-pro-deti-s-detmi\/jsdt\/","show_map":false,"show_map_link":true,"hide_from_listings":false,"sticky":false,"featured":false,"categories":[],"tags":[],"venue":{"id":7631,"author":"18","status":"publish","date":"2022-04-04 21:03:04","date_utc":"2022-04-04 19:03:04","modified":"2022-04-04 21:03:04","modified_utc":"2022-04-04 19:03:04","url":"https:\/\/liedercompany.cz\/en\/venue\/liechtenstein-palace-martinu-hall\/","venue":"Liechtenstein Palace &#8211; Martin\u016f Hall","slug":"liechtenstein-palace-martinu-hall","address":"Malostransk\u00e9 n\u00e1m. 13 13","city":"Prague 1","country":"\u010cesk\u00e1 republika","zip":"11800","json_ld":{"@type":"Place","name":"Liechtenstein Palace &#8211; Martin\u016f Hall","description":"","url":"","address":{"@type":"PostalAddress","streetAddress":"Malostransk\u00e9 n\u00e1m. 13 13","addressLocality":"Prague 1","postalCode":"11800","addressCountry":"\u010cesk\u00e1 republika"},"telephone":"","sameAs":""},"show_map":true,"show_map_link":true,"global_id":"liedercompany.cz\/en\/?id=7631","global_id_lineage":["liedercompany.cz\/en\/?id=7631"]},"organizer":[],"custom_fields":[],"json_ld":{"@context":"http:\/\/schema.org","@type":"Event","name":"Songs For And With Children","description":"&lt;p&gt;SIBERA &amp; HOLUB &amp; DU\u0160EK &amp; STEHL\u00cdK&lt;\/p&gt;\\n&lt;p&gt;Viktor Kalabis, Leonard Bernstein, Francis Poulenc, and Darja Kukal Moiseeva&lt;\/p&gt;\\n","image":"https:\/\/liedercompany.cz\/wp-content\/uploads\/2023\/07\/Sibera_Holub.jpg","url":"https:\/\/liedercompany.cz\/en\/event\/songs-for-and-with-children-sibera-holub-dusek-stehlik\/","eventAttendanceMode":"https:\/\/schema.org\/OfflineEventAttendanceMode","eventStatus":"https:\/\/schema.org\/EventScheduled","startDate":"2023-11-19T15:00:00+01:00","endDate":"2023-11-19T15:00:00+01:00","location":{"@type":"Place","name":"Liechtenstein Palace &#8211; Martin\u016f Hall","description":"","url":"","address":{"@type":"PostalAddress","streetAddress":"Malostransk\u00e9 n\u00e1m. 13 13","addressLocality":"Prague 1","postalCode":"11800","addressCountry":"\u010cesk\u00e1 republika"},"telephone":"","sameAs":""},"performer":"Organization"}}