{"id":3480,"date":"2022-10-02T12:46:54","date_gmt":"2022-10-02T10:46:54","guid":{"rendered":"https:\/\/liedercompany.cz\/uncategorized\/pierrot-lunaire-the-cycle-that-changed-the-music-of-the-20th-century\/"},"modified":"2024-01-21T15:54:46","modified_gmt":"2024-01-21T14:54:46","slug":"pierrot-lunaire-the-cycle-that-changed-the-music-of-the-20th-century","status":"publish","type":"post","link":"https:\/\/liedercompany.cz\/en\/article\/pierrot-lunaire-the-cycle-that-changed-the-music-of-the-20th-century\/","title":{"rendered":"Pierrot lunaire &#8211; the cycle that changed the music of the 20th century"},"content":{"rendered":"<figure style=\"width:500px;\" class=\"alignright wp-block-post-featured-image\"><img fetchpriority=\"high\" decoding=\"async\" width=\"2283\" height=\"1800\" src=\"https:\/\/liedercompany.cz\/wp-content\/uploads\/2022\/10\/SatColl_L10_op21_autographe_Erstniederschrift_13.jpg\" class=\"attachment-post-thumbnail size-post-thumbnail wp-post-image\" alt=\"\" style=\"object-fit:cover;\" srcset=\"https:\/\/liedercompany.cz\/wp-content\/uploads\/2022\/10\/SatColl_L10_op21_autographe_Erstniederschrift_13.jpg 2283w, https:\/\/liedercompany.cz\/wp-content\/uploads\/2022\/10\/SatColl_L10_op21_autographe_Erstniederschrift_13-300x237.jpg 300w, https:\/\/liedercompany.cz\/wp-content\/uploads\/2022\/10\/SatColl_L10_op21_autographe_Erstniederschrift_13-1024x807.jpg 1024w, https:\/\/liedercompany.cz\/wp-content\/uploads\/2022\/10\/SatColl_L10_op21_autographe_Erstniederschrift_13-768x606.jpg 768w, https:\/\/liedercompany.cz\/wp-content\/uploads\/2022\/10\/SatColl_L10_op21_autographe_Erstniederschrift_13-1536x1211.jpg 1536w, https:\/\/liedercompany.cz\/wp-content\/uploads\/2022\/10\/SatColl_L10_op21_autographe_Erstniederschrift_13-2048x1615.jpg 2048w, https:\/\/liedercompany.cz\/wp-content\/uploads\/2022\/10\/SatColl_L10_op21_autographe_Erstniederschrift_13-200x158.jpg 200w, https:\/\/liedercompany.cz\/wp-content\/uploads\/2022\/10\/SatColl_L10_op21_autographe_Erstniederschrift_13-600x473.jpg 600w\" sizes=\"(max-width: 2283px) 100vw, 2283px\" title=\"\"><\/figure>\n<p>A cycle that changed not only the vocal music of the 20th century &#8211; this is how the work <em>Pierrot lunaire<\/em> by the Austrian composer <strong>Arnold Sch\u00f6nberg<\/strong> could be described. It was on the 16th of October 1912 that its premiere took place in Berlin under the composer&#8217;s direction &#8211; it was a scandal and a success at the same time. It ensured Sch\u00f6nberg&#8217;s gradual breakthrough into European musical awareness and interest in his, until then more or less overlooked or unaccepted, work. The Lieder Company has decided to perform this fundamental work, which stands at the crossroads between the genres of song and melodrama, on the exact 110th anniversary of its premiere &#8211; Sunday the 16th of October 2022. The solo part will be performed by soprano Irena Troupov\u00e1, a renowned interpreter of 20th century music.<\/p>\n\n<p>The programme is complemented by the impressive cycle <em>Sechs lieder, Op. 22<\/em> by <strong>Alexander Zemlinsky<\/strong>, also an Austrian composer, but a close friend and promoter of Sch\u00f6nberg&#8217;s work (he premiered, for example, the monodrama Erwartung in Prague). This year also marks the 80th anniversary of his death (1942). The cycle from 1934 will be performed in a new arrangement by composer Jan Du\u0161ek for chamber ensemble identical to that of <em>Pierrot lunaire<\/em>, which further emphasises the colourfulness and certain similarity of the two cycles.<\/p>\n\n<p>The Lieder Company, however, decided to give space in this programme to the young composer and baritone <strong>Vojt\u011bch \u0160embera<\/strong>, who was commissioned to compose a meditative piece <em>In einem leeren Raum<\/em> on the text by Wolfgang Spitzbardt. However, he slightly updated the Pierrot-like scoring, using the less usual bass flute and replacing the piano with a synthesizer. The composer also interprets the solo part in a world premiere performance.<\/p>\n\n<p>In addition to the aforementioned soprano Irena Troupov\u00e1 and baritone Vojt\u011bch \u0160embera, the performers will also include leading Czech instrumentalists and specialists in 20th century music: flutist Daniel Havel, clarinetist Jan Mach, violinist and violist David Danel, cellist Bal\u00e1zs Adorj\u00e1n and pianist Jan Du\u0161ek. The performance is directed by conductor Petr Lou\u017eensk\u00fd.<\/p>\n\n<p>All pieces will be performed in the original German and accompanied by Czech subtitles.<\/p>\n\n<hr class=\"wp-block-separator has-alpha-channel-opacity\"\/>\n\n<p><strong><a href=\"https:\/\/liedercompany.cz\/en\/event\/161022-in-the-intoxicating-glow-of-the-moon\/\">In the intoxicating glow of the moon<\/a><\/strong><\/p>\n\n<p>Grand Hall of Novom\u011bstsk\u00e1 radnice, Karlovo n\u00e1m. 1\/23, Praha 2<\/p>\n\n<p>Sunday, the 16th of October at 19.30<\/p>\n\n<div class=\"wp-block-columns is-layout-flex wp-container-core-columns-is-layout-9d6595d7 wp-block-columns-is-layout-flex\">\n<div class=\"wp-block-column is-layout-flow wp-block-column-is-layout-flow\"><\/div>\n<\/div>\n","protected":false},"excerpt":{"rendered":"<p>A cycle that changed not only the vocal music of the 20th century &#8211; this is how the work Pierrot lunaire by the Austrian composer Arnold Sch\u00f6nberg could be described.&hellip;&nbsp;<a href=\"https:\/\/liedercompany.cz\/en\/article\/pierrot-lunaire-the-cycle-that-changed-the-music-of-the-20th-century\/\" rel=\"bookmark\">Read More &raquo;<span class=\"screen-reader-text\">Pierrot lunaire &#8211; the cycle that changed the music of the 20th century<\/span><\/a><\/p>\n","protected":false},"author":18,"featured_media":3444,"comment_status":"open","ping_status":"open","sticky":false,"template":"","format":"standard","meta":{"neve_meta_sidebar":"","neve_meta_container":"","neve_meta_enable_content_width":"","neve_meta_content_width":0,"neve_meta_title_alignment":"","neve_meta_author_avatar":"","neve_post_elements_order":"","neve_meta_disable_header":"","neve_meta_disable_footer":"","neve_meta_disable_title":"","neve_meta_reading_time":"","_EventAllDay":false,"_EventTimezone":"","_EventStartDate":"","_EventEndDate":"","_EventStartDateUTC":"","_EventEndDateUTC":"","_EventShowMap":false,"_EventShowMapLink":false,"_EventURL":"","_EventCost":"","_EventCostDescription":"","_EventCurrencySymbol":"","_EventCurrencyCode":"","_EventCurrencyPosition":"","_EventDateTimeSeparator":"","_EventTimeRangeSeparator":"","_EventOrganizerID":[],"_EventVenueID":[],"_OrganizerEmail":"","_OrganizerPhone":"","_OrganizerWebsite":"","_VenueAddress":"","_VenueCity":"","_VenueCountry":"","_VenueProvince":"","_VenueState":"","_VenueZip":"","_VenuePhone":"","_VenueURL":"","_VenueStateProvince":"","_VenueLat":"","_VenueLng":"","_VenueShowMap":false,"_VenueShowMapLink":false,"_themeisle_gutenberg_block_has_review":false,"footnotes":""},"categories":[65],"tags":[],"class_list":["post-3480","post","type-post","status-publish","format-standard","has-post-thumbnail","hentry","category-article"],"_links":{"self":[{"href":"https:\/\/liedercompany.cz\/en\/wp-json\/wp\/v2\/posts\/3480","targetHints":{"allow":["GET"]}}],"collection":[{"href":"https:\/\/liedercompany.cz\/en\/wp-json\/wp\/v2\/posts"}],"about":[{"href":"https:\/\/liedercompany.cz\/en\/wp-json\/wp\/v2\/types\/post"}],"author":[{"embeddable":true,"href":"https:\/\/liedercompany.cz\/en\/wp-json\/wp\/v2\/users\/18"}],"replies":[{"embeddable":true,"href":"https:\/\/liedercompany.cz\/en\/wp-json\/wp\/v2\/comments?post=3480"}],"version-history":[{"count":0,"href":"https:\/\/liedercompany.cz\/en\/wp-json\/wp\/v2\/posts\/3480\/revisions"}],"wp:featuredmedia":[{"embeddable":true,"href":"https:\/\/liedercompany.cz\/en\/wp-json\/wp\/v2\/media\/3444"}],"wp:attachment":[{"href":"https:\/\/liedercompany.cz\/en\/wp-json\/wp\/v2\/media?parent=3480"}],"wp:term":[{"taxonomy":"category","embeddable":true,"href":"https:\/\/liedercompany.cz\/en\/wp-json\/wp\/v2\/categories?post=3480"},{"taxonomy":"post_tag","embeddable":true,"href":"https:\/\/liedercompany.cz\/en\/wp-json\/wp\/v2\/tags?post=3480"}],"curies":[{"name":"wp","href":"https:\/\/api.w.org\/{rel}","templated":true}]}}