{"id":4219,"date":"2023-04-19T17:48:54","date_gmt":"2023-04-19T15:48:54","guid":{"rendered":"https:\/\/liedercompany.cz\/uncategorized\/songs-tuned-to-harp\/"},"modified":"2024-01-21T15:54:42","modified_gmt":"2024-01-21T14:54:42","slug":"songs-tuned-to-harp","status":"publish","type":"post","link":"https:\/\/liedercompany.cz\/en\/article\/songs-tuned-to-harp\/","title":{"rendered":"Songs Tuned to Harp"},"content":{"rendered":"\n<h3 class=\"wp-block-heading\">Music by eight women composers and world premiere by Sylva Smejkalov\u00e1<\/h3>\n<div class=\"wp-block-image\">\n<figure class=\"alignleft size-large is-resized\"><img fetchpriority=\"high\" decoding=\"async\" src=\"https:\/\/liedercompany.cz\/wp-content\/uploads\/2023\/04\/Portrait_de_Maria_Malibran_par_Ary_Scheffer_1831-1-738x1024.jpg\" alt=\"\" class=\"wp-image-4205\" width=\"225\" height=\"312\" title=\"\" srcset=\"https:\/\/liedercompany.cz\/wp-content\/uploads\/2023\/04\/Portrait_de_Maria_Malibran_par_Ary_Scheffer_1831-1-738x1024.jpg 738w, https:\/\/liedercompany.cz\/wp-content\/uploads\/2023\/04\/Portrait_de_Maria_Malibran_par_Ary_Scheffer_1831-1-216x300.jpg 216w, https:\/\/liedercompany.cz\/wp-content\/uploads\/2023\/04\/Portrait_de_Maria_Malibran_par_Ary_Scheffer_1831-1-768x1066.jpg 768w, https:\/\/liedercompany.cz\/wp-content\/uploads\/2023\/04\/Portrait_de_Maria_Malibran_par_Ary_Scheffer_1831-1-1106x1536.jpg 1106w, https:\/\/liedercompany.cz\/wp-content\/uploads\/2023\/04\/Portrait_de_Maria_Malibran_par_Ary_Scheffer_1831-1-1475x2048.jpg 1475w, https:\/\/liedercompany.cz\/wp-content\/uploads\/2023\/04\/Portrait_de_Maria_Malibran_par_Ary_Scheffer_1831-1-144x200.jpg 144w, https:\/\/liedercompany.cz\/wp-content\/uploads\/2023\/04\/Portrait_de_Maria_Malibran_par_Ary_Scheffer_1831-1-300x417.jpg 300w, https:\/\/liedercompany.cz\/wp-content\/uploads\/2023\/04\/Portrait_de_Maria_Malibran_par_Ary_Scheffer_1831-1-600x833.jpg 600w, https:\/\/liedercompany.cz\/wp-content\/uploads\/2023\/04\/Portrait_de_Maria_Malibran_par_Ary_Scheffer_1831-1-scaled.jpg 1844w\" sizes=\"(max-width: 225px) 100vw, 225px\" \/><figcaption class=\"wp-element-caption\">Maria Malibran<\/figcaption><\/figure><\/div>\n<p>The second concert of this year&#8217;s season of the <strong>Lieder Company Prague<\/strong> pays tribute to women composers and poets. The world premiere will also feature a cycle by <strong>Sylva Smejkalov\u00e1<\/strong>. The concert will take place in the attractive space of Club Salsita in Prague&#8217;s Sm\u00edchov district on Sunday, 30 April at 7.30 pm.&#13;\nThe opening part of the programme is devoted to the music of women, who in their time at the beginning of the 19th century were mostly prominent and respected personalities. Over time, however, their fame faded and was overshadowed by more prominent personalities &#8211; mostly men. In addition to <strong>A Lady of Fashion<\/strong>, by an unknown British composer, there will also be songs by the important opera, and especially oratorio, singer <strong>Harriet Abrams<\/strong> (1760-1822), who was accompanied on the piano by Joseph Haydn during his stay in Britain, and by <strong>Marie Malibran<\/strong> (1808-1836), reputedly the highest paid opera singer and composer in her time.&#13;\nThe programme also included French composers, of whom the Marquise <strong>Jeanne-Ren\u00e9e de Travanet<\/strong> (1753-1828), witnessed at her wedding by Louis XVI himself, composed a song that is a testament to this revolutionary king led to his execution. It is possible that he himself dictated the lyrics of this song to her, as the date of her song gives two days before his journey to the guillotine.&#13;\nAn important composer whose operas were regularly performed by the Paris Opera Comique in the early 19th century was <strong>Edm\u00e9e Sophie Gail<\/strong> (1775-1819), a singer whose concert tours took her to many countries in Europe. Another important figure was <strong>Charlotte Duchambge<\/strong> (1776-1858), who studied with Jan Ladislav Dusik and Luigi Cherubini, among others. <strong>N\u00e9lia Maillard<\/strong> (1803-1835) was regarded as an outstanding singing talent, and taught singing at the \u00c9cole Royale de Musique et de D\u00e9clamation Lyrique, the forerunner of the Paris Conservatoire.<\/p>\n\n<p>All of the English and French authors mentioned have fallen almost into oblivion. Their songs were set to a variety of poems and in many cases composed directly for voice and harp. This unusual combination, however, was an inspiration to other authors. For this concert we have therefore chosen works by their younger compatriots &#8211; the English composer <strong>Benjamin Britten<\/strong> (1913-1976) and the French composer, whom Czech listeners know mainly from his organ works, <strong>Louis Vierne<\/strong> (1870-1937).&#13;\nBenjamin Britten, whose 110th anniversary of birth is being commemorated this year, was a great admirer of folk songs. In six collections he arranged for voice and piano the songs of the British Isles, as well as French songs. Quite exceptional, however, is his cycle of <em>Eight Arrangements of Folk Songs for Higher Voice and Harp<\/em>, written in 1976. In brilliant and impressive arrangements using all the technical possibilities of the harp, there are unusual songs of various moods &#8211; from comedy to themes of death or unfulfilled love. One song will even be performed in the original Welsh language.<\/p>\n\n<figure class=\"wp-block-embed alignleft is-type-video is-provider-youtube wp-block-embed-youtube wp-embed-aspect-16-9 wp-has-aspect-ratio\"><div class=\"wp-block-embed__wrapper\">\r\n<div class=\"nv-iframe-embed\"><iframe title=\"Sylva Smejkalov\u00e1 o sob\u011b a sv\u00e9m cyklu A la faveur de la nuit\" width=\"1200\" height=\"675\" src=\"https:\/\/www.youtube.com\/embed\/5bEd1J_l0ZY?feature=oembed\" frameborder=\"0\" allow=\"accelerometer; autoplay; clipboard-write; encrypted-media; gyroscope; picture-in-picture; web-share\" allowfullscreen><\/iframe><\/div>\r\n<\/div><\/figure>\r\n<div class=\"wp-block-image\">\n<figure class=\"alignright size-large is-resized\"><img decoding=\"async\" src=\"https:\/\/liedercompany.cz\/wp-content\/uploads\/2023\/04\/Louis_Vierne_dans_les_annees_1930-734x1024.jpg\" alt=\"\" class=\"wp-image-4207\" width=\"190\" height=\"265\" title=\"\" srcset=\"https:\/\/liedercompany.cz\/wp-content\/uploads\/2023\/04\/Louis_Vierne_dans_les_annees_1930-734x1024.jpg 734w, https:\/\/liedercompany.cz\/wp-content\/uploads\/2023\/04\/Louis_Vierne_dans_les_annees_1930-215x300.jpg 215w, https:\/\/liedercompany.cz\/wp-content\/uploads\/2023\/04\/Louis_Vierne_dans_les_annees_1930-768x1072.jpg 768w, https:\/\/liedercompany.cz\/wp-content\/uploads\/2023\/04\/Louis_Vierne_dans_les_annees_1930-143x200.jpg 143w, https:\/\/liedercompany.cz\/wp-content\/uploads\/2023\/04\/Louis_Vierne_dans_les_annees_1930-300x419.jpg 300w, https:\/\/liedercompany.cz\/wp-content\/uploads\/2023\/04\/Louis_Vierne_dans_les_annees_1930-600x837.jpg 600w, https:\/\/liedercompany.cz\/wp-content\/uploads\/2023\/04\/Louis_Vierne_dans_les_annees_1930.jpg 1034w\" sizes=\"(max-width: 190px) 100vw, 190px\" \/><figcaption class=\"wp-element-caption\">Louis Vierne<\/figcaption><\/figure><\/div>\n<p>The composer<strong> Louis Vierne<\/strong> composed his cycle of <em>Four Greek Poems<\/em> on texts by the poet Anna de Noailles in 1930 for voice and harp. It is her use of colour and frequent parallel processes that give the songs an impressionistic feel, evoking ancient Greece, to which the poetry also refers.<\/p>\n\n<p>The composer <strong>Sylva Smejkalov\u00e1<\/strong>, who composed for this concert the cycle <em>A la faveur de la nuit<\/em> for soprano, tenor and harp, did not avoid hints of impressionism. She chose surrealistic love poems by the French poet Robert Desnos, who died in 1945 in the Czech town of Terez\u00edn. This cycle will be given its world premiere, and those interested can learn more from the author in a video on the Lieder Company Prague <a href=\"https:\/\/www.youtube.com\/channel\/UCYloNSb_PejNwM7rdxol6VA\" target=\"_blank\" rel=\"noopener\">YouTube channel<\/a>.<\/p>\n\n<div class=\"wp-block-columns are-vertically-aligned-center is-layout-flex wp-container-core-columns-is-layout-9d6595d7 wp-block-columns-is-layout-flex\">\n<div class=\"wp-block-column is-vertically-aligned-center is-layout-flow wp-block-column-is-layout-flow\">\n<figure class=\"wp-block-image size-large\"><img decoding=\"async\" width=\"1024\" height=\"1022\" src=\"https:\/\/liedercompany.cz\/wp-content\/uploads\/2023\/04\/Troupova-1024x1022.jpg\" alt=\"\" class=\"wp-image-4210\" title=\"\" srcset=\"https:\/\/liedercompany.cz\/wp-content\/uploads\/2023\/04\/Troupova-1024x1022.jpg 1024w, https:\/\/liedercompany.cz\/wp-content\/uploads\/2023\/04\/Troupova-300x299.jpg 300w, https:\/\/liedercompany.cz\/wp-content\/uploads\/2023\/04\/Troupova-150x150.jpg 150w, https:\/\/liedercompany.cz\/wp-content\/uploads\/2023\/04\/Troupova-768x766.jpg 768w, https:\/\/liedercompany.cz\/wp-content\/uploads\/2023\/04\/Troupova-1536x1532.jpg 1536w, https:\/\/liedercompany.cz\/wp-content\/uploads\/2023\/04\/Troupova-200x200.jpg 200w, https:\/\/liedercompany.cz\/wp-content\/uploads\/2023\/04\/Troupova-600x599.jpg 600w, https:\/\/liedercompany.cz\/wp-content\/uploads\/2023\/04\/Troupova-100x100.jpg 100w, https:\/\/liedercompany.cz\/wp-content\/uploads\/2023\/04\/Troupova.jpg 1725w\" sizes=\"(max-width: 1024px) 100vw, 1024px\" \/><\/figure><\/div>\n\n\n\n<div class=\"wp-block-column is-vertically-aligned-center is-layout-flow wp-block-column-is-layout-flow\">\n<figure class=\"wp-block-image size-large\"><img loading=\"lazy\" decoding=\"async\" width=\"1024\" height=\"1022\" src=\"https:\/\/liedercompany.cz\/wp-content\/uploads\/2023\/04\/holub-1024x1022.jpg\" alt=\"\" class=\"wp-image-4212\" title=\"\" srcset=\"https:\/\/liedercompany.cz\/wp-content\/uploads\/2023\/04\/holub-1024x1022.jpg 1024w, https:\/\/liedercompany.cz\/wp-content\/uploads\/2023\/04\/holub-300x299.jpg 300w, https:\/\/liedercompany.cz\/wp-content\/uploads\/2023\/04\/holub-150x150.jpg 150w, https:\/\/liedercompany.cz\/wp-content\/uploads\/2023\/04\/holub-768x766.jpg 768w, https:\/\/liedercompany.cz\/wp-content\/uploads\/2023\/04\/holub-1536x1532.jpg 1536w, https:\/\/liedercompany.cz\/wp-content\/uploads\/2023\/04\/holub-200x200.jpg 200w, https:\/\/liedercompany.cz\/wp-content\/uploads\/2023\/04\/holub-600x599.jpg 600w, https:\/\/liedercompany.cz\/wp-content\/uploads\/2023\/04\/holub-100x100.jpg 100w, https:\/\/liedercompany.cz\/wp-content\/uploads\/2023\/04\/holub.jpg 1725w\" sizes=\"(max-width: 1024px) 100vw, 1024px\" \/><\/figure><\/div>\n\n\n\n<div class=\"wp-block-column is-vertically-aligned-center is-layout-flow wp-block-column-is-layout-flow\">\n<figure class=\"wp-block-image size-large\"><img loading=\"lazy\" decoding=\"async\" width=\"1024\" height=\"1022\" src=\"https:\/\/liedercompany.cz\/wp-content\/uploads\/2023\/04\/hartelova_jmeno-1024x1022.jpg\" alt=\"\" class=\"wp-image-4214\" title=\"\" srcset=\"https:\/\/liedercompany.cz\/wp-content\/uploads\/2023\/04\/hartelova_jmeno-1024x1022.jpg 1024w, https:\/\/liedercompany.cz\/wp-content\/uploads\/2023\/04\/hartelova_jmeno-300x299.jpg 300w, https:\/\/liedercompany.cz\/wp-content\/uploads\/2023\/04\/hartelova_jmeno-150x150.jpg 150w, https:\/\/liedercompany.cz\/wp-content\/uploads\/2023\/04\/hartelova_jmeno-768x766.jpg 768w, https:\/\/liedercompany.cz\/wp-content\/uploads\/2023\/04\/hartelova_jmeno-1536x1532.jpg 1536w, https:\/\/liedercompany.cz\/wp-content\/uploads\/2023\/04\/hartelova_jmeno-200x200.jpg 200w, https:\/\/liedercompany.cz\/wp-content\/uploads\/2023\/04\/hartelova_jmeno-600x599.jpg 600w, https:\/\/liedercompany.cz\/wp-content\/uploads\/2023\/04\/hartelova_jmeno-100x100.jpg 100w, https:\/\/liedercompany.cz\/wp-content\/uploads\/2023\/04\/hartelova_jmeno.jpg 1725w\" sizes=\"(max-width: 1024px) 100vw, 1024px\" \/><\/figure><\/div>\n<\/div>\n\n<p>The performers of this concert will be leading Czech soprano <strong>Irena Troupov\u00e1<\/strong>, young tenor <strong>Ond\u0159ej Holub<\/strong> and solo harpist of the Czech Radio Symphony Orchestra <strong>Lydia H\u00e4rtelov\u00e1<\/strong>.<\/p>\n\n<div class=\"wp-block-buttons is-layout-flex wp-block-buttons-is-layout-flex\">\n<div class=\"wp-block-button has-custom-font-size is-style-primary has-medium-font-size\"><a class=\"wp-block-button__link wp-element-button\" href=\"https:\/\/liedercompany.cz\/en\/event\/songs-tuned-to-harp\/\">Buy tickets<\/a><\/div>\n<\/div>\n","protected":false},"excerpt":{"rendered":"<p>Music by eight women composers and world premiere by Sylva Smejkalov\u00e1 The second concert of this year&#8217;s season of the Lieder Company Prague pays tribute to women composers and poets.&hellip;&nbsp;<a href=\"https:\/\/liedercompany.cz\/en\/article\/songs-tuned-to-harp\/\" rel=\"bookmark\">Read More &raquo;<span class=\"screen-reader-text\">Songs Tuned to Harp<\/span><\/a><\/p>\n","protected":false},"author":18,"featured_media":4206,"comment_status":"open","ping_status":"open","sticky":false,"template":"","format":"standard","meta":{"neve_meta_sidebar":"","neve_meta_container":"","neve_meta_enable_content_width":"","neve_meta_content_width":0,"neve_meta_title_alignment":"","neve_meta_author_avatar":"","neve_post_elements_order":"","neve_meta_disable_header":"","neve_meta_disable_footer":"","neve_meta_disable_title":"","neve_meta_reading_time":"","_EventAllDay":false,"_EventTimezone":"","_EventStartDate":"","_EventEndDate":"","_EventStartDateUTC":"","_EventEndDateUTC":"","_EventShowMap":false,"_EventShowMapLink":false,"_EventURL":"","_EventCost":"","_EventCostDescription":"","_EventCurrencySymbol":"","_EventCurrencyCode":"","_EventCurrencyPosition":"","_EventDateTimeSeparator":"","_EventTimeRangeSeparator":"","_EventOrganizerID":[],"_EventVenueID":[],"_OrganizerEmail":"","_OrganizerPhone":"","_OrganizerWebsite":"","_VenueAddress":"","_VenueCity":"","_VenueCountry":"","_VenueProvince":"","_VenueState":"","_VenueZip":"","_VenuePhone":"","_VenueURL":"","_VenueStateProvince":"","_VenueLat":"","_VenueLng":"","_VenueShowMap":false,"_VenueShowMapLink":false,"_themeisle_gutenberg_block_has_review":false,"footnotes":""},"categories":[65],"tags":[],"class_list":["post-4219","post","type-post","status-publish","format-standard","has-post-thumbnail","hentry","category-article"],"_links":{"self":[{"href":"https:\/\/liedercompany.cz\/en\/wp-json\/wp\/v2\/posts\/4219","targetHints":{"allow":["GET"]}}],"collection":[{"href":"https:\/\/liedercompany.cz\/en\/wp-json\/wp\/v2\/posts"}],"about":[{"href":"https:\/\/liedercompany.cz\/en\/wp-json\/wp\/v2\/types\/post"}],"author":[{"embeddable":true,"href":"https:\/\/liedercompany.cz\/en\/wp-json\/wp\/v2\/users\/18"}],"replies":[{"embeddable":true,"href":"https:\/\/liedercompany.cz\/en\/wp-json\/wp\/v2\/comments?post=4219"}],"version-history":[{"count":0,"href":"https:\/\/liedercompany.cz\/en\/wp-json\/wp\/v2\/posts\/4219\/revisions"}],"wp:featuredmedia":[{"embeddable":true,"href":"https:\/\/liedercompany.cz\/en\/wp-json\/wp\/v2\/media\/4206"}],"wp:attachment":[{"href":"https:\/\/liedercompany.cz\/en\/wp-json\/wp\/v2\/media?parent=4219"}],"wp:term":[{"taxonomy":"category","embeddable":true,"href":"https:\/\/liedercompany.cz\/en\/wp-json\/wp\/v2\/categories?post=4219"},{"taxonomy":"post_tag","embeddable":true,"href":"https:\/\/liedercompany.cz\/en\/wp-json\/wp\/v2\/tags?post=4219"}],"curies":[{"name":"wp","href":"https:\/\/api.w.org\/{rel}","templated":true}]}}