{"id":7034,"date":"2024-01-21T16:13:00","date_gmt":"2024-01-21T15:13:00","guid":{"rendered":"https:\/\/liedercompany.cz\/uncategorized\/jan-dusek\/"},"modified":"2024-01-21T20:01:38","modified_gmt":"2024-01-21T19:01:38","slug":"jan-dusek","status":"publish","type":"post","link":"https:\/\/liedercompany.cz\/en\/people\/jan-dusek\/","title":{"rendered":"Jan Du\u0161ek \u2013 piano"},"content":{"rendered":"<div class=\"wp-block-image animated fadeIn slower\">\n<figure class=\"alignleft size-large is-resized\"><img fetchpriority=\"high\" decoding=\"async\" width=\"1024\" height=\"683\" src=\"https:\/\/liedercompany.cz\/wp-content\/uploads\/2024\/01\/Jan-Dusek_credit-Pavel-Kalina-1024x683.jpg\" alt=\"\" class=\"wp-image-7031\" style=\"width:auto;height:250px\" title=\"\" srcset=\"https:\/\/liedercompany.cz\/wp-content\/uploads\/2024\/01\/Jan-Dusek_credit-Pavel-Kalina-1024x683.jpg 1024w, https:\/\/liedercompany.cz\/wp-content\/uploads\/2024\/01\/Jan-Dusek_credit-Pavel-Kalina-300x200.jpg 300w, https:\/\/liedercompany.cz\/wp-content\/uploads\/2024\/01\/Jan-Dusek_credit-Pavel-Kalina-768x512.jpg 768w, https:\/\/liedercompany.cz\/wp-content\/uploads\/2024\/01\/Jan-Dusek_credit-Pavel-Kalina-1536x1024.jpg 1536w, https:\/\/liedercompany.cz\/wp-content\/uploads\/2024\/01\/Jan-Dusek_credit-Pavel-Kalina-2048x1365.jpg 2048w, https:\/\/liedercompany.cz\/wp-content\/uploads\/2024\/01\/Jan-Dusek_credit-Pavel-Kalina-930x620.jpg 930w, https:\/\/liedercompany.cz\/wp-content\/uploads\/2024\/01\/Jan-Dusek_credit-Pavel-Kalina-200x133.jpg 200w, https:\/\/liedercompany.cz\/wp-content\/uploads\/2024\/01\/Jan-Dusek_credit-Pavel-Kalina-600x400.jpg 600w\" sizes=\"(max-width: 1024px) 100vw, 1024px\" \/><\/figure><\/div>\n<p>Jan Du\u0161ek studied at the Conservatory in Teplice (piano, composition). In 2004-2012, he studied composition at the Academy of Performing Arts in Prague (Hanus Barton), where he finished his doctoral studies in the same field in 2012. Since then, Jan Du\u0161ek has taught at the composition department of the Academy. As a pianist he participated in several master courses (Cyprien Katsaris, Irina Ossipova, Angela Hewitt, Lilit Grygorian, Maria Jo\u00e3o Pires), in 2013\/14 he studied piano privately with Robert Lehrbaumer in Vienna, in 2015 with Xiao-Mei Zhu in Paris, and since 2016 with Gordon Fergus-Thompson in London. He has won awards and honourable mentions in competitions (Concertino Praga, the International Piano Competition B. Smetana Competition of Conservatories, Zdenek Fibich International Competition in the interpretation of melodrama). He periodically records contemporary Czech music for Czech Radio, e.g. in 2019, he completed a\u00a0 recording of complete piano works by Rudolf Karel. In 2015 he released a CD of <a href=\"https:\/\/liedercompany.cz\/en\/produkt\/viktor-ullmann-schwer-ists-das-schone-zu-lassen-complete-songs-for-soprano-and-piano-2cd\/\">complete songs for soprano and piano by Viktor Ullmann<\/a> with soprano Irena Troupova. In 2021, they released <a href=\"https:\/\/liedercompany.cz\/en\/produkt\/hans-winterberg-immer-das-letzte-mal-complete-song-works-2cd\/\">complete songs by Hans Winterberg<\/a>. He regularly performs at international music festivals (Prague Spring, V\u011b\u010dn\u00e1 nad\u011bje, Junge Kunstler Beyreuth etc.).<\/p>\n\n<p>In 2006 he was awarded the first prize at the Composers Competition \u201cGeneration\u201c for the piece \u201c\u2026 in seven days I will send rain on the Earth \u2026\u201d, and in 2007 at the same competition he again won first prize for the composition \u201cGradation for organ.\u201d In 2008 he received the \u2018Audience\u2019s Prize\u2019 for the composition \u201cChalomot jehudi\u2019im\u201d, a year later receiving the Prize of Gideon Klein for the same composition. In 2010, his melodrama \u201cPrague Walker\u201d was awarded 2nd prize in the Competition for Young Artists, announced by the City District Prague 1. For his music to accompany the silent film \u201cThe Child of the Ghetto\u201d, Jan received the \u2018Audience\u2019s Prize\u2019 in the 2011 NuBerg competition. His compositions have been commissioned by festivals and competitions (such as the International Festival of Concert Melodrama, Viktor Ullmann festival \u010cesk\u00fd T\u011b\u0161\u00edn, Prague Spring Competition etc.), and performed by leading Czech soloists (such as clarinettist Irvin Veny\u0161 and the percussionist Mark\u00e9ta Mazourov\u00e1) as well as chamber ensembles and orchestras (e.g., Nederlands Blazers Ensemble, Epoque quartet; BERG Orchestra; Prague Philharmonia; Prague Philharmonic Choir). In 2021, Jan co-established the Lieder Company association which aims to promote art song recitals and repertoire.&#13;\n<\/p>\n\n<p class=\"has-text-align-right\"><a href=\"http:\/\/www.jan-dusek.com\/\" target=\"_blank\" rel=\"noreferrer noopener\">www.jan-dusek.com<\/a><\/p>\n","protected":false},"excerpt":{"rendered":"<p>Jan Du\u0161ek studied at the Conservatory in Teplice (piano, composition). In 2004-2012, he studied composition at the Academy of Performing Arts in Prague (Hanus Barton), where he finished his doctoral&hellip;&nbsp;<a href=\"https:\/\/liedercompany.cz\/en\/people\/jan-dusek\/\" rel=\"bookmark\">Read More &raquo;<span class=\"screen-reader-text\">Jan Du\u0161ek \u2013 piano<\/span><\/a><\/p>\n","protected":false},"author":18,"featured_media":7032,"comment_status":"open","ping_status":"open","sticky":false,"template":"","format":"standard","meta":{"neve_meta_sidebar":"","neve_meta_container":"","neve_meta_enable_content_width":"","neve_meta_content_width":0,"neve_meta_title_alignment":"","neve_meta_author_avatar":"","neve_post_elements_order":"","neve_meta_disable_header":"","neve_meta_disable_footer":"","neve_meta_disable_title":"","neve_meta_reading_time":"","_EventAllDay":false,"_EventTimezone":"","_EventStartDate":"","_EventEndDate":"","_EventStartDateUTC":"","_EventEndDateUTC":"","_EventShowMap":false,"_EventShowMapLink":false,"_EventURL":"","_EventCost":"","_EventCostDescription":"","_EventCurrencySymbol":"","_EventCurrencyCode":"","_EventCurrencyPosition":"","_EventDateTimeSeparator":"","_EventTimeRangeSeparator":"","_EventOrganizerID":[],"_EventVenueID":[],"_OrganizerEmail":"","_OrganizerPhone":"","_OrganizerWebsite":"","_VenueAddress":"","_VenueCity":"","_VenueCountry":"","_VenueProvince":"","_VenueState":"","_VenueZip":"","_VenuePhone":"","_VenueURL":"","_VenueStateProvince":"","_VenueLat":"","_VenueLng":"","_VenueShowMap":false,"_VenueShowMapLink":false,"_themeisle_gutenberg_block_has_review":false,"footnotes":""},"categories":[66],"tags":[],"class_list":["post-7034","post","type-post","status-publish","format-standard","has-post-thumbnail","hentry","category-people"],"_links":{"self":[{"href":"https:\/\/liedercompany.cz\/en\/wp-json\/wp\/v2\/posts\/7034","targetHints":{"allow":["GET"]}}],"collection":[{"href":"https:\/\/liedercompany.cz\/en\/wp-json\/wp\/v2\/posts"}],"about":[{"href":"https:\/\/liedercompany.cz\/en\/wp-json\/wp\/v2\/types\/post"}],"author":[{"embeddable":true,"href":"https:\/\/liedercompany.cz\/en\/wp-json\/wp\/v2\/users\/18"}],"replies":[{"embeddable":true,"href":"https:\/\/liedercompany.cz\/en\/wp-json\/wp\/v2\/comments?post=7034"}],"version-history":[{"count":0,"href":"https:\/\/liedercompany.cz\/en\/wp-json\/wp\/v2\/posts\/7034\/revisions"}],"wp:featuredmedia":[{"embeddable":true,"href":"https:\/\/liedercompany.cz\/en\/wp-json\/wp\/v2\/media\/7032"}],"wp:attachment":[{"href":"https:\/\/liedercompany.cz\/en\/wp-json\/wp\/v2\/media?parent=7034"}],"wp:term":[{"taxonomy":"category","embeddable":true,"href":"https:\/\/liedercompany.cz\/en\/wp-json\/wp\/v2\/categories?post=7034"},{"taxonomy":"post_tag","embeddable":true,"href":"https:\/\/liedercompany.cz\/en\/wp-json\/wp\/v2\/tags?post=7034"}],"curies":[{"name":"wp","href":"https:\/\/api.w.org\/{rel}","templated":true}]}}